{"id":784,"date":"2016-09-22T00:00:00","date_gmt":"2016-09-21T22:00:00","guid":{"rendered":"http:\/\/www.distillerieduffez.fr\/distillation-thyms-imminente"},"modified":"2016-09-22T00:00:00","modified_gmt":"2016-09-21T22:00:00","slug":"distillation-thyms-imminente","status":"publish","type":"post","link":"http:\/\/www.distillerieduffez.fr\/de\/distillation-thyms-imminente","title":{"rendered":"La distillation des thyms est imminente !"},"content":{"rendered":"<p>La distillerie Duffez produit chaque ann\u00e9e quelques vari\u00e9t\u00e9s\u00a0d&#8217;huiles essentielles de thym.<\/p>\n<p><strong>Thym Thujanol<\/strong>\u00a0ou\u00a0<strong>Thym Thymol<\/strong>, conventionnel ou bio, ces huiles essentielles sont\u00a0tr\u00e8s appr\u00e9ci\u00e9s des amateurs d&#8217;aromath\u00e9rapie.<\/p>\n<p>Ces plantes poussent sur les terres de la distillerie, et leur r\u00e9colte intervient g\u00e9n\u00e9ralement au mois de mai, en fonction des conditions climatiques. Cette ann\u00e9e les fortes pluies mais surtout les temp\u00e9ratures tr\u00e8s fraiches constat\u00e9es ces derniers jours, vont certainement retarder un peu la r\u00e9colte.L&#8216;\u00a0huile de Thym Thymol est reconnue par les plus grands aromath\u00e9rapeutes comme \u00e9tant \u00a0indispensable. C&#8217;est une huile Anti-infectieuse puissante tout en \u00e9tant tr\u00e8s douce \u00e0 la fois, elle est utilis\u00e9e contre les infections des sph\u00e8res O.R.L.<\/p>\n<p>&nbsp;<\/p>\n<p>&nbsp;<\/p>\n<p><img fetchpriority=\"high\" decoding=\"async\" class=\"alignnone wp-image-2402 size-large\" src=\"http:\/\/www.distillerieduffez.fr\/wp-content\/uploads\/2016\/05\/image-1024x768.jpg\" alt=\"image\" width=\"980\" height=\"735\" \/><\/p>\n<p>La floraison des thyms indique l&#8217;arriv\u00e9e des beaux jours !<\/p>\n<p><img decoding=\"async\" class=\"alignnone wp-image-2399 size-large\" src=\"http:\/\/www.distillerieduffez.fr\/wp-content\/uploads\/2016\/05\/photo-3-1024x768.jpg\" alt=\"photo 3\" width=\"980\" height=\"735\" \/><\/p>\n<p><img decoding=\"async\" class=\"alignnone wp-image-2396 size-large\" src=\"http:\/\/www.distillerieduffez.fr\/wp-content\/uploads\/2016\/05\/photo-2-2-1024x768.jpg\" alt=\"photo 2-2\" width=\"980\" height=\"735\" \/><\/p>\n<p>Cette plante est \u00e9galement tr\u00e8s appr\u00e9ci\u00e9e des abeilles et coccinelles<\/p>\n<p><img loading=\"lazy\" decoding=\"async\" class=\"alignnone wp-image-2393 size-large\" src=\"http:\/\/www.distillerieduffez.fr\/wp-content\/uploads\/2016\/05\/photo-5-1024x768.jpg\" alt=\"photo 5\" width=\"980\" height=\"735\" \/><\/p>\n","protected":false},"excerpt":{"rendered":"<p>La distillerie Duffez produit chaque ann\u00e9e quelques vari\u00e9t\u00e9s\u00a0d&#8217;huiles essentielles de thym. Thym Thujanol\u00a0ou\u00a0Thym Thymol, conventionnel ou bio, ces huiles essentielles sont\u00a0tr\u00e8s appr\u00e9ci\u00e9s des amateurs d&#8217;aromath\u00e9rapie. Ces plantes poussent sur les terres de la distillerie, et leur r\u00e9colte intervient g\u00e9n\u00e9ralement au mois de mai, en fonction des conditions climatiques. Cette ann\u00e9e les fortes pluies mais surtout [&hellip;]<\/p>\n","protected":false},"author":2,"featured_media":0,"comment_status":"closed","ping_status":"closed","sticky":false,"template":"","format":"standard","meta":{"_acf_changed":false,"_monsterinsights_skip_tracking":false,"_monsterinsights_sitenote_active":false,"_monsterinsights_sitenote_note":"","_monsterinsights_sitenote_category":0},"categories":[55],"class_list":["post-784","post","type-post","status-publish","format-standard","hentry","category-general"],"acf":[],"aioseo_notices":[],"yoast_head":"<!-- This site is optimized with the Yoast SEO plugin v27.3 - https:\/\/yoast.com\/product\/yoast-seo-wordpress\/ -->\n<title>La distillation des thyms est imminente ! - Distillerie Duffez<\/title>\n<meta name=\"robots\" content=\"index, follow, max-snippet:-1, max-image-preview:large, max-video-preview:-1\" \/>\n<link rel=\"canonical\" href=\"http:\/\/www.distillerieduffez.fr\/de\/distillation-thyms-imminente\" \/>\n<meta property=\"og:locale\" content=\"de_DE\" \/>\n<meta property=\"og:type\" content=\"article\" \/>\n<meta property=\"og:title\" content=\"La distillation des thyms est imminente ! - Distillerie Duffez\" \/>\n<meta property=\"og:description\" content=\"La distillerie Duffez produit chaque ann\u00e9e quelques vari\u00e9t\u00e9s\u00a0d&#8217;huiles essentielles de thym. Thym Thujanol\u00a0ou\u00a0Thym Thymol, conventionnel ou bio, ces huiles essentielles sont\u00a0tr\u00e8s appr\u00e9ci\u00e9s des amateurs d&#8217;aromath\u00e9rapie. Ces plantes poussent sur les terres de la distillerie, et leur r\u00e9colte intervient g\u00e9n\u00e9ralement au mois de mai, en fonction des conditions climatiques. Cette ann\u00e9e les fortes pluies mais surtout [&hellip;]\" \/>\n<meta property=\"og:url\" content=\"http:\/\/www.distillerieduffez.fr\/de\/distillation-thyms-imminente\" \/>\n<meta property=\"og:site_name\" content=\"Distillerie Duffez\" \/>\n<meta property=\"article:published_time\" content=\"2016-09-21T22:00:00+00:00\" \/>\n<meta property=\"og:image\" content=\"http:\/\/www.distillerieduffez.fr\/wp-content\/uploads\/2016\/05\/image-1024x768.jpg\" \/>\n<meta name=\"author\" content=\"cabin\" \/>\n<meta name=\"twitter:card\" content=\"summary_large_image\" \/>\n<meta name=\"twitter:label1\" content=\"Verfasst von\" \/>\n\t<meta name=\"twitter:data1\" content=\"cabin\" \/>\n\t<meta name=\"twitter:label2\" content=\"Gesch\u00e4tzte Lesezeit\" \/>\n\t<meta name=\"twitter:data2\" content=\"1\u00a0Minute\" \/>\n<script type=\"application\/ld+json\" class=\"yoast-schema-graph\">{\"@context\":\"https:\\\/\\\/schema.org\",\"@graph\":[{\"@type\":\"Article\",\"@id\":\"http:\\\/\\\/www.distillerieduffez.fr\\\/de\\\/distillation-thyms-imminente#article\",\"isPartOf\":{\"@id\":\"http:\\\/\\\/www.distillerieduffez.fr\\\/de\\\/distillation-thyms-imminente\"},\"author\":{\"name\":\"cabin\",\"@id\":\"https:\\\/\\\/www.distillerieduffez.fr\\\/en\\\/#\\\/schema\\\/person\\\/8da461805fc04dcdfa61c0fec71e7129\"},\"headline\":\"La distillation des thyms est imminente !\",\"datePublished\":\"2016-09-21T22:00:00+00:00\",\"mainEntityOfPage\":{\"@id\":\"http:\\\/\\\/www.distillerieduffez.fr\\\/de\\\/distillation-thyms-imminente\"},\"wordCount\":166,\"publisher\":{\"@id\":\"https:\\\/\\\/www.distillerieduffez.fr\\\/en\\\/#organization\"},\"image\":{\"@id\":\"http:\\\/\\\/www.distillerieduffez.fr\\\/de\\\/distillation-thyms-imminente#primaryimage\"},\"thumbnailUrl\":\"http:\\\/\\\/www.distillerieduffez.fr\\\/wp-content\\\/uploads\\\/2016\\\/05\\\/image-1024x768.jpg\",\"articleSection\":[\"G\u00e9n\u00e9ral\"],\"inLanguage\":\"de\"},{\"@type\":\"WebPage\",\"@id\":\"http:\\\/\\\/www.distillerieduffez.fr\\\/de\\\/distillation-thyms-imminente\",\"url\":\"http:\\\/\\\/www.distillerieduffez.fr\\\/de\\\/distillation-thyms-imminente\",\"name\":\"La distillation des thyms est imminente ! - Distillerie Duffez\",\"isPartOf\":{\"@id\":\"https:\\\/\\\/www.distillerieduffez.fr\\\/en\\\/#website\"},\"primaryImageOfPage\":{\"@id\":\"http:\\\/\\\/www.distillerieduffez.fr\\\/de\\\/distillation-thyms-imminente#primaryimage\"},\"image\":{\"@id\":\"http:\\\/\\\/www.distillerieduffez.fr\\\/de\\\/distillation-thyms-imminente#primaryimage\"},\"thumbnailUrl\":\"http:\\\/\\\/www.distillerieduffez.fr\\\/wp-content\\\/uploads\\\/2016\\\/05\\\/image-1024x768.jpg\",\"datePublished\":\"2016-09-21T22:00:00+00:00\",\"breadcrumb\":{\"@id\":\"http:\\\/\\\/www.distillerieduffez.fr\\\/de\\\/distillation-thyms-imminente#breadcrumb\"},\"inLanguage\":\"de\",\"potentialAction\":[{\"@type\":\"ReadAction\",\"target\":[\"http:\\\/\\\/www.distillerieduffez.fr\\\/de\\\/distillation-thyms-imminente\"]}]},{\"@type\":\"ImageObject\",\"inLanguage\":\"de\",\"@id\":\"http:\\\/\\\/www.distillerieduffez.fr\\\/de\\\/distillation-thyms-imminente#primaryimage\",\"url\":\"http:\\\/\\\/www.distillerieduffez.fr\\\/wp-content\\\/uploads\\\/2016\\\/05\\\/image-1024x768.jpg\",\"contentUrl\":\"http:\\\/\\\/www.distillerieduffez.fr\\\/wp-content\\\/uploads\\\/2016\\\/05\\\/image-1024x768.jpg\"},{\"@type\":\"BreadcrumbList\",\"@id\":\"http:\\\/\\\/www.distillerieduffez.fr\\\/de\\\/distillation-thyms-imminente#breadcrumb\",\"itemListElement\":[{\"@type\":\"ListItem\",\"position\":1,\"name\":\"Home\",\"item\":\"https:\\\/\\\/www.distillerieduffez.fr\\\/de\"},{\"@type\":\"ListItem\",\"position\":2,\"name\":\"La distillation des thyms est imminente !\"}]},{\"@type\":\"WebSite\",\"@id\":\"https:\\\/\\\/www.distillerieduffez.fr\\\/en\\\/#website\",\"url\":\"https:\\\/\\\/www.distillerieduffez.fr\\\/en\\\/\",\"name\":\"Distillerie Duffez\",\"description\":\"Boutique en ligne d&#039;huiles essentielles biologiques et conventionnelles : lavande, lavandin, cade, h\u00e9lichryse, Cypr\u00e8s Provence, menthe, sauge...\",\"publisher\":{\"@id\":\"https:\\\/\\\/www.distillerieduffez.fr\\\/en\\\/#organization\"},\"potentialAction\":[{\"@type\":\"SearchAction\",\"target\":{\"@type\":\"EntryPoint\",\"urlTemplate\":\"https:\\\/\\\/www.distillerieduffez.fr\\\/en\\\/?s={search_term_string}\"},\"query-input\":{\"@type\":\"PropertyValueSpecification\",\"valueRequired\":true,\"valueName\":\"search_term_string\"}}],\"inLanguage\":\"de\"},{\"@type\":\"Organization\",\"@id\":\"https:\\\/\\\/www.distillerieduffez.fr\\\/en\\\/#organization\",\"name\":\"Distillerie Duffez\",\"url\":\"https:\\\/\\\/www.distillerieduffez.fr\\\/en\\\/\",\"logo\":{\"@type\":\"ImageObject\",\"inLanguage\":\"de\",\"@id\":\"https:\\\/\\\/www.distillerieduffez.fr\\\/en\\\/#\\\/schema\\\/logo\\\/image\\\/\",\"url\":\"http:\\\/\\\/www.distillerieduffez.fr\\\/wp-content\\\/uploads\\\/logo-duffez.jpg\",\"contentUrl\":\"http:\\\/\\\/www.distillerieduffez.fr\\\/wp-content\\\/uploads\\\/logo-duffez.jpg\",\"width\":746,\"height\":150,\"caption\":\"Distillerie Duffez\"},\"image\":{\"@id\":\"https:\\\/\\\/www.distillerieduffez.fr\\\/en\\\/#\\\/schema\\\/logo\\\/image\\\/\"}},{\"@type\":\"Person\",\"@id\":\"https:\\\/\\\/www.distillerieduffez.fr\\\/en\\\/#\\\/schema\\\/person\\\/8da461805fc04dcdfa61c0fec71e7129\",\"name\":\"cabin\",\"image\":{\"@type\":\"ImageObject\",\"inLanguage\":\"de\",\"@id\":\"https:\\\/\\\/secure.gravatar.com\\\/avatar\\\/e509d877c2efacaf734f2779b7308759a219bf15fd79a9155336b5bbac9df78f?s=96&d=mm&r=g\",\"url\":\"https:\\\/\\\/secure.gravatar.com\\\/avatar\\\/e509d877c2efacaf734f2779b7308759a219bf15fd79a9155336b5bbac9df78f?s=96&d=mm&r=g\",\"contentUrl\":\"https:\\\/\\\/secure.gravatar.com\\\/avatar\\\/e509d877c2efacaf734f2779b7308759a219bf15fd79a9155336b5bbac9df78f?s=96&d=mm&r=g\",\"caption\":\"cabin\"},\"url\":\"http:\\\/\\\/www.distillerieduffez.fr\\\/de\\\/author\\\/cabin\"}]}<\/script>\n<!-- \/ Yoast SEO plugin. -->","yoast_head_json":{"title":"La distillation des thyms est imminente ! - Distillerie Duffez","robots":{"index":"index","follow":"follow","max-snippet":"max-snippet:-1","max-image-preview":"max-image-preview:large","max-video-preview":"max-video-preview:-1"},"canonical":"http:\/\/www.distillerieduffez.fr\/de\/distillation-thyms-imminente","og_locale":"de_DE","og_type":"article","og_title":"La distillation des thyms est imminente ! - Distillerie Duffez","og_description":"La distillerie Duffez produit chaque ann\u00e9e quelques vari\u00e9t\u00e9s\u00a0d&#8217;huiles essentielles de thym. Thym Thujanol\u00a0ou\u00a0Thym Thymol, conventionnel ou bio, ces huiles essentielles sont\u00a0tr\u00e8s appr\u00e9ci\u00e9s des amateurs d&#8217;aromath\u00e9rapie. Ces plantes poussent sur les terres de la distillerie, et leur r\u00e9colte intervient g\u00e9n\u00e9ralement au mois de mai, en fonction des conditions climatiques. Cette ann\u00e9e les fortes pluies mais surtout [&hellip;]","og_url":"http:\/\/www.distillerieduffez.fr\/de\/distillation-thyms-imminente","og_site_name":"Distillerie Duffez","article_published_time":"2016-09-21T22:00:00+00:00","og_image":[{"url":"http:\/\/www.distillerieduffez.fr\/wp-content\/uploads\/2016\/05\/image-1024x768.jpg","type":"","width":"","height":""}],"author":"cabin","twitter_card":"summary_large_image","twitter_misc":{"Verfasst von":"cabin","Gesch\u00e4tzte Lesezeit":"1\u00a0Minute"},"schema":{"@context":"https:\/\/schema.org","@graph":[{"@type":"Article","@id":"http:\/\/www.distillerieduffez.fr\/de\/distillation-thyms-imminente#article","isPartOf":{"@id":"http:\/\/www.distillerieduffez.fr\/de\/distillation-thyms-imminente"},"author":{"name":"cabin","@id":"https:\/\/www.distillerieduffez.fr\/en\/#\/schema\/person\/8da461805fc04dcdfa61c0fec71e7129"},"headline":"La distillation des thyms est imminente !","datePublished":"2016-09-21T22:00:00+00:00","mainEntityOfPage":{"@id":"http:\/\/www.distillerieduffez.fr\/de\/distillation-thyms-imminente"},"wordCount":166,"publisher":{"@id":"https:\/\/www.distillerieduffez.fr\/en\/#organization"},"image":{"@id":"http:\/\/www.distillerieduffez.fr\/de\/distillation-thyms-imminente#primaryimage"},"thumbnailUrl":"http:\/\/www.distillerieduffez.fr\/wp-content\/uploads\/2016\/05\/image-1024x768.jpg","articleSection":["G\u00e9n\u00e9ral"],"inLanguage":"de"},{"@type":"WebPage","@id":"http:\/\/www.distillerieduffez.fr\/de\/distillation-thyms-imminente","url":"http:\/\/www.distillerieduffez.fr\/de\/distillation-thyms-imminente","name":"La distillation des thyms est imminente ! - Distillerie Duffez","isPartOf":{"@id":"https:\/\/www.distillerieduffez.fr\/en\/#website"},"primaryImageOfPage":{"@id":"http:\/\/www.distillerieduffez.fr\/de\/distillation-thyms-imminente#primaryimage"},"image":{"@id":"http:\/\/www.distillerieduffez.fr\/de\/distillation-thyms-imminente#primaryimage"},"thumbnailUrl":"http:\/\/www.distillerieduffez.fr\/wp-content\/uploads\/2016\/05\/image-1024x768.jpg","datePublished":"2016-09-21T22:00:00+00:00","breadcrumb":{"@id":"http:\/\/www.distillerieduffez.fr\/de\/distillation-thyms-imminente#breadcrumb"},"inLanguage":"de","potentialAction":[{"@type":"ReadAction","target":["http:\/\/www.distillerieduffez.fr\/de\/distillation-thyms-imminente"]}]},{"@type":"ImageObject","inLanguage":"de","@id":"http:\/\/www.distillerieduffez.fr\/de\/distillation-thyms-imminente#primaryimage","url":"http:\/\/www.distillerieduffez.fr\/wp-content\/uploads\/2016\/05\/image-1024x768.jpg","contentUrl":"http:\/\/www.distillerieduffez.fr\/wp-content\/uploads\/2016\/05\/image-1024x768.jpg"},{"@type":"BreadcrumbList","@id":"http:\/\/www.distillerieduffez.fr\/de\/distillation-thyms-imminente#breadcrumb","itemListElement":[{"@type":"ListItem","position":1,"name":"Home","item":"https:\/\/www.distillerieduffez.fr\/de"},{"@type":"ListItem","position":2,"name":"La distillation des thyms est imminente !"}]},{"@type":"WebSite","@id":"https:\/\/www.distillerieduffez.fr\/en\/#website","url":"https:\/\/www.distillerieduffez.fr\/en\/","name":"Distillerie Duffez","description":"Boutique en ligne d&#039;huiles essentielles biologiques et conventionnelles : lavande, lavandin, cade, h\u00e9lichryse, Cypr\u00e8s Provence, menthe, sauge...","publisher":{"@id":"https:\/\/www.distillerieduffez.fr\/en\/#organization"},"potentialAction":[{"@type":"SearchAction","target":{"@type":"EntryPoint","urlTemplate":"https:\/\/www.distillerieduffez.fr\/en\/?s={search_term_string}"},"query-input":{"@type":"PropertyValueSpecification","valueRequired":true,"valueName":"search_term_string"}}],"inLanguage":"de"},{"@type":"Organization","@id":"https:\/\/www.distillerieduffez.fr\/en\/#organization","name":"Distillerie Duffez","url":"https:\/\/www.distillerieduffez.fr\/en\/","logo":{"@type":"ImageObject","inLanguage":"de","@id":"https:\/\/www.distillerieduffez.fr\/en\/#\/schema\/logo\/image\/","url":"http:\/\/www.distillerieduffez.fr\/wp-content\/uploads\/logo-duffez.jpg","contentUrl":"http:\/\/www.distillerieduffez.fr\/wp-content\/uploads\/logo-duffez.jpg","width":746,"height":150,"caption":"Distillerie Duffez"},"image":{"@id":"https:\/\/www.distillerieduffez.fr\/en\/#\/schema\/logo\/image\/"}},{"@type":"Person","@id":"https:\/\/www.distillerieduffez.fr\/en\/#\/schema\/person\/8da461805fc04dcdfa61c0fec71e7129","name":"cabin","image":{"@type":"ImageObject","inLanguage":"de","@id":"https:\/\/secure.gravatar.com\/avatar\/e509d877c2efacaf734f2779b7308759a219bf15fd79a9155336b5bbac9df78f?s=96&d=mm&r=g","url":"https:\/\/secure.gravatar.com\/avatar\/e509d877c2efacaf734f2779b7308759a219bf15fd79a9155336b5bbac9df78f?s=96&d=mm&r=g","contentUrl":"https:\/\/secure.gravatar.com\/avatar\/e509d877c2efacaf734f2779b7308759a219bf15fd79a9155336b5bbac9df78f?s=96&d=mm&r=g","caption":"cabin"},"url":"http:\/\/www.distillerieduffez.fr\/de\/author\/cabin"}]}},"_links":{"self":[{"href":"http:\/\/www.distillerieduffez.fr\/de\/wp-json\/wp\/v2\/posts\/784","targetHints":{"allow":["GET"]}}],"collection":[{"href":"http:\/\/www.distillerieduffez.fr\/de\/wp-json\/wp\/v2\/posts"}],"about":[{"href":"http:\/\/www.distillerieduffez.fr\/de\/wp-json\/wp\/v2\/types\/post"}],"author":[{"embeddable":true,"href":"http:\/\/www.distillerieduffez.fr\/de\/wp-json\/wp\/v2\/users\/2"}],"replies":[{"embeddable":true,"href":"http:\/\/www.distillerieduffez.fr\/de\/wp-json\/wp\/v2\/comments?post=784"}],"version-history":[{"count":0,"href":"http:\/\/www.distillerieduffez.fr\/de\/wp-json\/wp\/v2\/posts\/784\/revisions"}],"wp:attachment":[{"href":"http:\/\/www.distillerieduffez.fr\/de\/wp-json\/wp\/v2\/media?parent=784"}],"wp:term":[{"taxonomy":"category","embeddable":true,"href":"http:\/\/www.distillerieduffez.fr\/de\/wp-json\/wp\/v2\/categories?post=784"}],"curies":[{"name":"wp","href":"https:\/\/api.w.org\/{rel}","templated":true}]}}