{"id":781,"date":"2016-05-18T00:00:00","date_gmt":"2016-05-17T22:00:00","guid":{"rendered":"http:\/\/www.distillerieduffez.fr\/im-winter-ist-unsere-brennerei-mit-dem-destillieren-der-zypressen-voll-ausgelastet"},"modified":"2016-05-18T00:00:00","modified_gmt":"2016-05-17T22:00:00","slug":"im-winter-ist-unsere-brennerei-mit-dem-destillieren-der-zypressen-voll-ausgelastet","status":"publish","type":"post","link":"http:\/\/www.distillerieduffez.fr\/de\/im-winter-ist-unsere-brennerei-mit-dem-destillieren-der-zypressen-voll-ausgelastet","title":{"rendered":"Im Winter ist unsere Brennerei<br \/> mit dem Destillieren"},"content":{"rendered":"<p>Die Zypresse aus der Provence ist ein starker und edler Baum, der Duftnoten von Erde, Holz und Gew\u00fcrz verstr\u00f6mt. Sie hat dreieckige Bl\u00e4tter die nur 2 bis 6 mm lang sind. Die Zypresse ist schon seit der griechischen Antike ein Symbol f\u00fcr ewiges Leben, da ihre Bl\u00e4tter immergr\u00fcn und Fr\u00fcchte immer pr\u00e4sent sind. Sein nahezu verrottungsfestes Holz verstr\u00f6mt einen Duft von Weihrauch.<\/p>\n<p>Zypressen-\u00d6l wird aus den Zweigen destilliert, die am Ende jeden Winters von den B\u00e4umen geschnitten werden.<\/p>\n<p>Fr\u00fcher wurden diese einfach verbrannt, nicht gerade zum Segen der CO2-Emissionen. Die Destillation der Zweige f\u00fcgt sich wesentlich harmonischer in das \u00f6kologische Gleichgewicht ein\u2026<\/p>\n<p>Die \u00dcberreste nach der Destillation zersetzen sich auf nat\u00fcrliche Weise und werden als Humus und N\u00e4hrboden f\u00fcr Pflanzen verwendet.<\/p>\n<p>Zypressen-\u00d6l hilft vor allem bei Kreislaufst\u00f6rungen.<\/p>\n","protected":false},"excerpt":{"rendered":"<p>Die Zypresse aus der Provence ist ein starker und edler Baum, der Duftnoten von Erde, Holz und Gew\u00fcrz verstr\u00f6mt. Sie hat dreieckige Bl\u00e4tter die nur 2 bis 6 mm lang sind. Die Zypresse ist schon seit der griechischen Antike ein Symbol f\u00fcr ewiges Leben, da ihre Bl\u00e4tter immergr\u00fcn und Fr\u00fcchte immer pr\u00e4sent sind. Sein nahezu [&hellip;]<\/p>\n","protected":false},"author":2,"featured_media":0,"comment_status":"closed","ping_status":"closed","sticky":false,"template":"","format":"standard","meta":{"_acf_changed":false,"_monsterinsights_skip_tracking":false,"_monsterinsights_sitenote_active":false,"_monsterinsights_sitenote_note":"","_monsterinsights_sitenote_category":0},"categories":[55],"class_list":["post-781","post","type-post","status-publish","format-standard","hentry","category-general"],"acf":[],"aioseo_notices":[],"yoast_head":"<!-- This site is optimized with the Yoast SEO plugin v27.3 - https:\/\/yoast.com\/product\/yoast-seo-wordpress\/ -->\n<title>Im Winter ist unsere Brennerei mit dem Destillieren - Distillerie Duffez<\/title>\n<meta name=\"robots\" content=\"index, follow, max-snippet:-1, max-image-preview:large, max-video-preview:-1\" \/>\n<link rel=\"canonical\" href=\"http:\/\/www.distillerieduffez.fr\/de\/im-winter-ist-unsere-brennerei-mit-dem-destillieren-der-zypressen-voll-ausgelastet\" \/>\n<meta property=\"og:locale\" content=\"de_DE\" \/>\n<meta property=\"og:type\" content=\"article\" \/>\n<meta property=\"og:title\" content=\"Im Winter ist unsere Brennerei mit dem Destillieren - Distillerie Duffez\" \/>\n<meta property=\"og:description\" content=\"Die Zypresse aus der Provence ist ein starker und edler Baum, der Duftnoten von Erde, Holz und Gew\u00fcrz verstr\u00f6mt. Sie hat dreieckige Bl\u00e4tter die nur 2 bis 6 mm lang sind. Die Zypresse ist schon seit der griechischen Antike ein Symbol f\u00fcr ewiges Leben, da ihre Bl\u00e4tter immergr\u00fcn und Fr\u00fcchte immer pr\u00e4sent sind. Sein nahezu [&hellip;]\" \/>\n<meta property=\"og:url\" content=\"http:\/\/www.distillerieduffez.fr\/de\/im-winter-ist-unsere-brennerei-mit-dem-destillieren-der-zypressen-voll-ausgelastet\" \/>\n<meta property=\"og:site_name\" content=\"Distillerie Duffez\" \/>\n<meta property=\"article:published_time\" content=\"2016-05-17T22:00:00+00:00\" \/>\n<meta name=\"author\" content=\"cabin\" \/>\n<meta name=\"twitter:card\" content=\"summary_large_image\" \/>\n<meta name=\"twitter:label1\" content=\"Verfasst von\" \/>\n\t<meta name=\"twitter:data1\" content=\"cabin\" \/>\n\t<meta name=\"twitter:label2\" content=\"Gesch\u00e4tzte Lesezeit\" \/>\n\t<meta name=\"twitter:data2\" content=\"1\u00a0Minute\" \/>\n<script type=\"application\/ld+json\" class=\"yoast-schema-graph\">{\"@context\":\"https:\\\/\\\/schema.org\",\"@graph\":[{\"@type\":\"Article\",\"@id\":\"http:\\\/\\\/www.distillerieduffez.fr\\\/de\\\/im-winter-ist-unsere-brennerei-mit-dem-destillieren-der-zypressen-voll-ausgelastet#article\",\"isPartOf\":{\"@id\":\"http:\\\/\\\/www.distillerieduffez.fr\\\/de\\\/im-winter-ist-unsere-brennerei-mit-dem-destillieren-der-zypressen-voll-ausgelastet\"},\"author\":{\"name\":\"cabin\",\"@id\":\"https:\\\/\\\/www.distillerieduffez.fr\\\/#\\\/schema\\\/person\\\/8da461805fc04dcdfa61c0fec71e7129\"},\"headline\":\"Im Winter ist unsere Brennerei mit dem Destillieren\",\"datePublished\":\"2016-05-17T22:00:00+00:00\",\"mainEntityOfPage\":{\"@id\":\"http:\\\/\\\/www.distillerieduffez.fr\\\/de\\\/im-winter-ist-unsere-brennerei-mit-dem-destillieren-der-zypressen-voll-ausgelastet\"},\"wordCount\":152,\"publisher\":{\"@id\":\"https:\\\/\\\/www.distillerieduffez.fr\\\/#organization\"},\"articleSection\":[\"G\u00e9n\u00e9ral\"],\"inLanguage\":\"de\"},{\"@type\":\"WebPage\",\"@id\":\"http:\\\/\\\/www.distillerieduffez.fr\\\/de\\\/im-winter-ist-unsere-brennerei-mit-dem-destillieren-der-zypressen-voll-ausgelastet\",\"url\":\"http:\\\/\\\/www.distillerieduffez.fr\\\/de\\\/im-winter-ist-unsere-brennerei-mit-dem-destillieren-der-zypressen-voll-ausgelastet\",\"name\":\"Im Winter ist unsere Brennerei mit dem Destillieren - Distillerie Duffez\",\"isPartOf\":{\"@id\":\"https:\\\/\\\/www.distillerieduffez.fr\\\/#website\"},\"datePublished\":\"2016-05-17T22:00:00+00:00\",\"breadcrumb\":{\"@id\":\"http:\\\/\\\/www.distillerieduffez.fr\\\/de\\\/im-winter-ist-unsere-brennerei-mit-dem-destillieren-der-zypressen-voll-ausgelastet#breadcrumb\"},\"inLanguage\":\"de\",\"potentialAction\":[{\"@type\":\"ReadAction\",\"target\":[\"http:\\\/\\\/www.distillerieduffez.fr\\\/de\\\/im-winter-ist-unsere-brennerei-mit-dem-destillieren-der-zypressen-voll-ausgelastet\"]}]},{\"@type\":\"BreadcrumbList\",\"@id\":\"http:\\\/\\\/www.distillerieduffez.fr\\\/de\\\/im-winter-ist-unsere-brennerei-mit-dem-destillieren-der-zypressen-voll-ausgelastet#breadcrumb\",\"itemListElement\":[{\"@type\":\"ListItem\",\"position\":1,\"name\":\"Home\",\"item\":\"https:\\\/\\\/www.distillerieduffez.fr\\\/de\"},{\"@type\":\"ListItem\",\"position\":2,\"name\":\"Im Winter ist unsere Brennerei mit dem Destillieren\"}]},{\"@type\":\"WebSite\",\"@id\":\"https:\\\/\\\/www.distillerieduffez.fr\\\/#website\",\"url\":\"https:\\\/\\\/www.distillerieduffez.fr\\\/\",\"name\":\"Distillerie Duffez\",\"description\":\"Boutique en ligne d&#039;huiles essentielles biologiques et conventionnelles : lavande, lavandin, cade, h\u00e9lichryse, Cypr\u00e8s Provence, menthe, sauge...\",\"publisher\":{\"@id\":\"https:\\\/\\\/www.distillerieduffez.fr\\\/#organization\"},\"potentialAction\":[{\"@type\":\"SearchAction\",\"target\":{\"@type\":\"EntryPoint\",\"urlTemplate\":\"https:\\\/\\\/www.distillerieduffez.fr\\\/?s={search_term_string}\"},\"query-input\":{\"@type\":\"PropertyValueSpecification\",\"valueRequired\":true,\"valueName\":\"search_term_string\"}}],\"inLanguage\":\"de\"},{\"@type\":\"Organization\",\"@id\":\"https:\\\/\\\/www.distillerieduffez.fr\\\/#organization\",\"name\":\"Distillerie Duffez\",\"url\":\"https:\\\/\\\/www.distillerieduffez.fr\\\/\",\"logo\":{\"@type\":\"ImageObject\",\"inLanguage\":\"de\",\"@id\":\"https:\\\/\\\/www.distillerieduffez.fr\\\/#\\\/schema\\\/logo\\\/image\\\/\",\"url\":\"http:\\\/\\\/www.distillerieduffez.fr\\\/wp-content\\\/uploads\\\/logo-duffez.jpg\",\"contentUrl\":\"http:\\\/\\\/www.distillerieduffez.fr\\\/wp-content\\\/uploads\\\/logo-duffez.jpg\",\"width\":746,\"height\":150,\"caption\":\"Distillerie Duffez\"},\"image\":{\"@id\":\"https:\\\/\\\/www.distillerieduffez.fr\\\/#\\\/schema\\\/logo\\\/image\\\/\"}},{\"@type\":\"Person\",\"@id\":\"https:\\\/\\\/www.distillerieduffez.fr\\\/#\\\/schema\\\/person\\\/8da461805fc04dcdfa61c0fec71e7129\",\"name\":\"cabin\",\"image\":{\"@type\":\"ImageObject\",\"inLanguage\":\"de\",\"@id\":\"https:\\\/\\\/secure.gravatar.com\\\/avatar\\\/e509d877c2efacaf734f2779b7308759a219bf15fd79a9155336b5bbac9df78f?s=96&d=mm&r=g\",\"url\":\"https:\\\/\\\/secure.gravatar.com\\\/avatar\\\/e509d877c2efacaf734f2779b7308759a219bf15fd79a9155336b5bbac9df78f?s=96&d=mm&r=g\",\"contentUrl\":\"https:\\\/\\\/secure.gravatar.com\\\/avatar\\\/e509d877c2efacaf734f2779b7308759a219bf15fd79a9155336b5bbac9df78f?s=96&d=mm&r=g\",\"caption\":\"cabin\"},\"url\":\"http:\\\/\\\/www.distillerieduffez.fr\\\/de\\\/author\\\/cabin\"}]}<\/script>\n<!-- \/ Yoast SEO plugin. -->","yoast_head_json":{"title":"Im Winter ist unsere Brennerei mit dem Destillieren - Distillerie Duffez","robots":{"index":"index","follow":"follow","max-snippet":"max-snippet:-1","max-image-preview":"max-image-preview:large","max-video-preview":"max-video-preview:-1"},"canonical":"http:\/\/www.distillerieduffez.fr\/de\/im-winter-ist-unsere-brennerei-mit-dem-destillieren-der-zypressen-voll-ausgelastet","og_locale":"de_DE","og_type":"article","og_title":"Im Winter ist unsere Brennerei mit dem Destillieren - Distillerie Duffez","og_description":"Die Zypresse aus der Provence ist ein starker und edler Baum, der Duftnoten von Erde, Holz und Gew\u00fcrz verstr\u00f6mt. Sie hat dreieckige Bl\u00e4tter die nur 2 bis 6 mm lang sind. Die Zypresse ist schon seit der griechischen Antike ein Symbol f\u00fcr ewiges Leben, da ihre Bl\u00e4tter immergr\u00fcn und Fr\u00fcchte immer pr\u00e4sent sind. Sein nahezu [&hellip;]","og_url":"http:\/\/www.distillerieduffez.fr\/de\/im-winter-ist-unsere-brennerei-mit-dem-destillieren-der-zypressen-voll-ausgelastet","og_site_name":"Distillerie Duffez","article_published_time":"2016-05-17T22:00:00+00:00","author":"cabin","twitter_card":"summary_large_image","twitter_misc":{"Verfasst von":"cabin","Gesch\u00e4tzte Lesezeit":"1\u00a0Minute"},"schema":{"@context":"https:\/\/schema.org","@graph":[{"@type":"Article","@id":"http:\/\/www.distillerieduffez.fr\/de\/im-winter-ist-unsere-brennerei-mit-dem-destillieren-der-zypressen-voll-ausgelastet#article","isPartOf":{"@id":"http:\/\/www.distillerieduffez.fr\/de\/im-winter-ist-unsere-brennerei-mit-dem-destillieren-der-zypressen-voll-ausgelastet"},"author":{"name":"cabin","@id":"https:\/\/www.distillerieduffez.fr\/#\/schema\/person\/8da461805fc04dcdfa61c0fec71e7129"},"headline":"Im Winter ist unsere Brennerei mit dem Destillieren","datePublished":"2016-05-17T22:00:00+00:00","mainEntityOfPage":{"@id":"http:\/\/www.distillerieduffez.fr\/de\/im-winter-ist-unsere-brennerei-mit-dem-destillieren-der-zypressen-voll-ausgelastet"},"wordCount":152,"publisher":{"@id":"https:\/\/www.distillerieduffez.fr\/#organization"},"articleSection":["G\u00e9n\u00e9ral"],"inLanguage":"de"},{"@type":"WebPage","@id":"http:\/\/www.distillerieduffez.fr\/de\/im-winter-ist-unsere-brennerei-mit-dem-destillieren-der-zypressen-voll-ausgelastet","url":"http:\/\/www.distillerieduffez.fr\/de\/im-winter-ist-unsere-brennerei-mit-dem-destillieren-der-zypressen-voll-ausgelastet","name":"Im Winter ist unsere Brennerei mit dem Destillieren - Distillerie Duffez","isPartOf":{"@id":"https:\/\/www.distillerieduffez.fr\/#website"},"datePublished":"2016-05-17T22:00:00+00:00","breadcrumb":{"@id":"http:\/\/www.distillerieduffez.fr\/de\/im-winter-ist-unsere-brennerei-mit-dem-destillieren-der-zypressen-voll-ausgelastet#breadcrumb"},"inLanguage":"de","potentialAction":[{"@type":"ReadAction","target":["http:\/\/www.distillerieduffez.fr\/de\/im-winter-ist-unsere-brennerei-mit-dem-destillieren-der-zypressen-voll-ausgelastet"]}]},{"@type":"BreadcrumbList","@id":"http:\/\/www.distillerieduffez.fr\/de\/im-winter-ist-unsere-brennerei-mit-dem-destillieren-der-zypressen-voll-ausgelastet#breadcrumb","itemListElement":[{"@type":"ListItem","position":1,"name":"Home","item":"https:\/\/www.distillerieduffez.fr\/de"},{"@type":"ListItem","position":2,"name":"Im Winter ist unsere Brennerei mit dem Destillieren"}]},{"@type":"WebSite","@id":"https:\/\/www.distillerieduffez.fr\/#website","url":"https:\/\/www.distillerieduffez.fr\/","name":"Distillerie Duffez","description":"Boutique en ligne d&#039;huiles essentielles biologiques et conventionnelles : lavande, lavandin, cade, h\u00e9lichryse, Cypr\u00e8s Provence, menthe, sauge...","publisher":{"@id":"https:\/\/www.distillerieduffez.fr\/#organization"},"potentialAction":[{"@type":"SearchAction","target":{"@type":"EntryPoint","urlTemplate":"https:\/\/www.distillerieduffez.fr\/?s={search_term_string}"},"query-input":{"@type":"PropertyValueSpecification","valueRequired":true,"valueName":"search_term_string"}}],"inLanguage":"de"},{"@type":"Organization","@id":"https:\/\/www.distillerieduffez.fr\/#organization","name":"Distillerie Duffez","url":"https:\/\/www.distillerieduffez.fr\/","logo":{"@type":"ImageObject","inLanguage":"de","@id":"https:\/\/www.distillerieduffez.fr\/#\/schema\/logo\/image\/","url":"http:\/\/www.distillerieduffez.fr\/wp-content\/uploads\/logo-duffez.jpg","contentUrl":"http:\/\/www.distillerieduffez.fr\/wp-content\/uploads\/logo-duffez.jpg","width":746,"height":150,"caption":"Distillerie Duffez"},"image":{"@id":"https:\/\/www.distillerieduffez.fr\/#\/schema\/logo\/image\/"}},{"@type":"Person","@id":"https:\/\/www.distillerieduffez.fr\/#\/schema\/person\/8da461805fc04dcdfa61c0fec71e7129","name":"cabin","image":{"@type":"ImageObject","inLanguage":"de","@id":"https:\/\/secure.gravatar.com\/avatar\/e509d877c2efacaf734f2779b7308759a219bf15fd79a9155336b5bbac9df78f?s=96&d=mm&r=g","url":"https:\/\/secure.gravatar.com\/avatar\/e509d877c2efacaf734f2779b7308759a219bf15fd79a9155336b5bbac9df78f?s=96&d=mm&r=g","contentUrl":"https:\/\/secure.gravatar.com\/avatar\/e509d877c2efacaf734f2779b7308759a219bf15fd79a9155336b5bbac9df78f?s=96&d=mm&r=g","caption":"cabin"},"url":"http:\/\/www.distillerieduffez.fr\/de\/author\/cabin"}]}},"_links":{"self":[{"href":"http:\/\/www.distillerieduffez.fr\/de\/wp-json\/wp\/v2\/posts\/781","targetHints":{"allow":["GET"]}}],"collection":[{"href":"http:\/\/www.distillerieduffez.fr\/de\/wp-json\/wp\/v2\/posts"}],"about":[{"href":"http:\/\/www.distillerieduffez.fr\/de\/wp-json\/wp\/v2\/types\/post"}],"author":[{"embeddable":true,"href":"http:\/\/www.distillerieduffez.fr\/de\/wp-json\/wp\/v2\/users\/2"}],"replies":[{"embeddable":true,"href":"http:\/\/www.distillerieduffez.fr\/de\/wp-json\/wp\/v2\/comments?post=781"}],"version-history":[{"count":0,"href":"http:\/\/www.distillerieduffez.fr\/de\/wp-json\/wp\/v2\/posts\/781\/revisions"}],"wp:attachment":[{"href":"http:\/\/www.distillerieduffez.fr\/de\/wp-json\/wp\/v2\/media?parent=781"}],"wp:term":[{"taxonomy":"category","embeddable":true,"href":"http:\/\/www.distillerieduffez.fr\/de\/wp-json\/wp\/v2\/categories?post=781"}],"curies":[{"name":"wp","href":"https:\/\/api.w.org\/{rel}","templated":true}]}}